{"id":2438,"date":"2017-10-18T11:20:47","date_gmt":"2017-10-18T09:20:47","guid":{"rendered":"http:\/\/www.cirdic.fr\/?p=2438"},"modified":"2017-10-18T11:20:47","modified_gmt":"2017-10-18T09:20:47","slug":"approfondir-les-fetes-juives-dautomne-avec-cette-conference","status":"publish","type":"post","link":"https:\/\/www.cirdic.fr\/index.php\/2017\/10\/18\/approfondir-les-fetes-juives-dautomne-avec-cette-conference\/","title":{"rendered":"Approfondir les F\u00eates Juives d&rsquo;Automne avec cette conf\u00e9rence"},"content":{"rendered":"<p style=\"text-align: justify;\"><img loading=\"lazy\" decoding=\"async\" class=\"size-thumbnail wp-image-2439 alignleft\" src=\"https:\/\/www.cirdic.fr\/wp-content\/uploads\/2017\/10\/10-150x150.jpg\" alt=\"\" width=\"150\" height=\"150\" \/><em>Simhat Torah<\/em>, litt\u00e9ralement \u00ab Joie de la Torah \u00bb, a \u00e9t\u00e9 c\u00e9l\u00e9br\u00e9e le 13 octobre : 23 <em>Tichri. C<\/em>\u2019est une f\u00eate pleine de joie, joie de la lecture de la Torah, qui marque la fin du cycle annuel des lectures hebdomadaires de la Torah. Avons-nous fait cette exp\u00e9rience, nous chr\u00e9tiens, de la joie de l&rsquo;\u00e9coute de la Parole de Dieu ?<!--more--><\/p>\n<p style=\"text-align: justify;\">Red\u00e9couvrons les f\u00eates juives et leur sens avec Sylvaine Lacout, directrice du Centre Chr\u00e9tien d&rsquo;Etudes Juives :<\/p>\n<p><a href=\"https:\/\/www.collegedesbernardins.fr\/content\/la-fete-des-tentes-et-les-fetes-juives-dautomne\" target=\"_blank\" rel=\"noopener\">Pour \u00e9couter la conf\u00e9rence c&rsquo;est ici !<\/a><\/p>\n<p class=\"intro\">Abraham Heschel, un grand penseur juif a intitul\u00e9 un de ses livres\u00a0: les B\u00e2tisseurs du Temps\u00a0! La sanctification du Temps occupe une place centrale dans le juda\u00efsme, par la pri\u00e8re quotidienne, la pratique des commandements, le shabbat, et par les f\u00eates qui rythme l&rsquo;ann\u00e9e de tout juif. Les f\u00eates sont des temps saints, s\u00e9par\u00e9s, mis \u00e0 part des temps ordinaires&#8230;<\/p>\n","protected":false},"excerpt":{"rendered":"<p>Simhat Torah, litt\u00e9ralement \u00ab Joie de la Torah \u00bb, a \u00e9t\u00e9 c\u00e9l\u00e9br\u00e9e le 13 octobre : 23 Tichri. C\u2019est une f\u00eate pleine de joie, joie de la lecture de la Torah, qui marque la fin du cycle annuel des lectures hebdomadaires de la Torah. Avons-nous fait cette exp\u00e9rience, nous chr\u00e9tiens, de la joie de l&rsquo;\u00e9coute &hellip; <a href=\"https:\/\/www.cirdic.fr\/index.php\/2017\/10\/18\/approfondir-les-fetes-juives-dautomne-avec-cette-conference\/\" class=\"more-link\">Continuer la lecture<span class=\"screen-reader-text\"> de &laquo;&nbsp;Approfondir les F\u00eates Juives d&rsquo;Automne avec cette conf\u00e9rence&nbsp;&raquo;<\/span><\/a><\/p>\n","protected":false},"author":2,"featured_media":0,"comment_status":"closed","ping_status":"closed","sticky":false,"template":"","format":"standard","meta":{"_jetpack_memberships_contains_paid_content":false,"footnotes":""},"categories":[11],"tags":[],"class_list":["post-2438","post","type-post","status-publish","format-standard","hentry","category-fete-juive"],"jetpack_featured_media_url":"","jetpack_sharing_enabled":true,"_links":{"self":[{"href":"https:\/\/www.cirdic.fr\/index.php\/wp-json\/wp\/v2\/posts\/2438","targetHints":{"allow":["GET"]}}],"collection":[{"href":"https:\/\/www.cirdic.fr\/index.php\/wp-json\/wp\/v2\/posts"}],"about":[{"href":"https:\/\/www.cirdic.fr\/index.php\/wp-json\/wp\/v2\/types\/post"}],"author":[{"embeddable":true,"href":"https:\/\/www.cirdic.fr\/index.php\/wp-json\/wp\/v2\/users\/2"}],"replies":[{"embeddable":true,"href":"https:\/\/www.cirdic.fr\/index.php\/wp-json\/wp\/v2\/comments?post=2438"}],"version-history":[{"count":0,"href":"https:\/\/www.cirdic.fr\/index.php\/wp-json\/wp\/v2\/posts\/2438\/revisions"}],"wp:attachment":[{"href":"https:\/\/www.cirdic.fr\/index.php\/wp-json\/wp\/v2\/media?parent=2438"}],"wp:term":[{"taxonomy":"category","embeddable":true,"href":"https:\/\/www.cirdic.fr\/index.php\/wp-json\/wp\/v2\/categories?post=2438"},{"taxonomy":"post_tag","embeddable":true,"href":"https:\/\/www.cirdic.fr\/index.php\/wp-json\/wp\/v2\/tags?post=2438"}],"curies":[{"name":"wp","href":"https:\/\/api.w.org\/{rel}","templated":true}]}}