{"id":2387,"date":"2017-10-09T18:08:19","date_gmt":"2017-10-09T16:08:19","guid":{"rendered":"http:\/\/www.cirdic.fr\/?p=2387"},"modified":"2017-10-09T18:08:19","modified_gmt":"2017-10-09T16:08:19","slug":"jean-marie-lustiger-entre-crises-et-recompositions-catholiques-de-1954-a-2007-les-12-13-et-14-octobre","status":"publish","type":"post","link":"https:\/\/www.cirdic.fr\/index.php\/2017\/10\/09\/jean-marie-lustiger-entre-crises-et-recompositions-catholiques-de-1954-a-2007-les-12-13-et-14-octobre\/","title":{"rendered":"J.M. Lustiger, entre crises et recompositions catholiques de 1954 \u00e0 2007 : les 12, 13 et 14 octobre !"},"content":{"rendered":"<p><img loading=\"lazy\" decoding=\"async\" class=\"size-thumbnail wp-image-2388 alignleft\" src=\"https:\/\/www.cirdic.fr\/wp-content\/uploads\/2017\/10\/lustiger_1-150x150.jpg\" alt=\"\" width=\"150\" height=\"150\" srcset=\"https:\/\/www.cirdic.fr\/wp-content\/uploads\/2017\/10\/lustiger_1-150x150.jpg 150w, https:\/\/www.cirdic.fr\/wp-content\/uploads\/2017\/10\/lustiger_1-300x300.jpg 300w, https:\/\/www.cirdic.fr\/wp-content\/uploads\/2017\/10\/lustiger_1.jpg 375w\" sizes=\"auto, (max-width: 150px) 85vw, 150px\" \/>Coordonn\u00e9 par Denis Pelletier et Beno\u00eet Pellistrandi.<\/p>\n<p style=\"text-align: justify;\">Ordonn\u00e9 pr\u00eatre en 1954, Jean-Marie Lustiger d\u00e9ploie son minist\u00e8re dans une conjoncture marqu\u00e9e par de profondes mutations. Aum\u00f4nier d\u2019\u00e9tudiants (1954-1969), il prend la mesure des attentes de la jeunesse et des transformations en cours. Cur\u00e9 de la paroisse Sainte-Jeanne de Chantal \u00e0 Paris (1969- 1979), il s\u2019att\u00e8le \u00e0 la mise en oeuvre du concile Vatican II. Nomm\u00e9 par Jean-Paul II \u00e9v\u00eaque d\u2019Orl\u00e9ans (1979-1981), puis archev\u00eaque de Paris (1981-2005) et cardinal (1983), il conduit son dioc\u00e8se avec le souci d\u2019une \u00e9vang\u00e9lisation et d\u2019un rapport \u00e0 la soci\u00e9t\u00e9 renouvel\u00e9s. Ces \u00e9tapes de son minist\u00e8re constituent autant de champs d\u2019\u00e9valuation de son rayonnement.<\/p>\n<p style=\"text-align: justify;\"><strong>Archives in\u00e9dites \u00e0 l\u2019appui, le colloque vise \u00e0 articuler le regard des historiens avec les intuitions spirituelles et les choix pastoraux et missionnaires de Jean-Marie Lustiger.<\/strong><!--more--><\/p>\n<p><a href=\"https:\/\/media.collegedesbernardins.fr\/content\/pdf\/colloque_lustiger_programme.pdf\" target=\"_blank\" rel=\"noopener\">T\u00e9l\u00e9charger le programme.<\/a><\/p>\n<p>Inscription obligatoire (places limit\u00e9es) :\u00a0<a href=\"https:\/\/docs.google.com\/forms\/d\/e\/1FAIpQLSdiR8q64ZXgD1vXMoumtE2aTA7aEINxpQH1o8JqlzvPb0QReA\/viewform?c=0&amp;w=1\" target=\"_blank\" rel=\"noopener\">S&rsquo;inscrire ici<\/a><\/p>\n<p>La confirmation nominative de l\u2019inscription et une pi\u00e8ce d\u2019identit\u00e9 seront demand\u00e9es.<br \/>\nLibre participation aux frais.<br \/>\n<strong>Contact :<\/strong>\u00a0<a href=\"mailto:colloque@institutlustiger.fr\">colloque@institutlustiger.fr<\/a><\/p>\n<p><strong>Lieux du colloque :<\/strong><br \/>\nSe pr\u00e9senter, le matin \u00e0 9h00, l\u2019apr\u00e8s-midi \u00e0 14h00.<br \/>\n&#8211;<strong> Jeudi 12<\/strong> :\u00a0<strong>\u00c9cole Normale Sup\u00e9rieure<\/strong>, 45 rue d\u2019Ulm &#8211; 75005 Paris\u00a0<strong><em>COMPLET l&rsquo;apr\u00e8s-midi<\/em><\/strong><br \/>\n&#8211; <strong>Vendredi 13 matin<\/strong> :\u00a0<strong>Institut de France<\/strong>, 23 Quai de Conti \u2013 75006 Paris\u00a0\u00a0<strong><em>COMPLET\u00a0<\/em><\/strong><br \/>\n&#8211; <strong>Vendredi 13 apr\u00e8s-midi et samedi 14<\/strong> :\u00a0<strong>Coll\u00e8ge des Bernardins<\/strong>, 20 rue de Poissy \u2013 75005 Paris.<\/p>\n","protected":false},"excerpt":{"rendered":"<p>Coordonn\u00e9 par Denis Pelletier et Beno\u00eet Pellistrandi. Ordonn\u00e9 pr\u00eatre en 1954, Jean-Marie Lustiger d\u00e9ploie son minist\u00e8re dans une conjoncture marqu\u00e9e par de profondes mutations. Aum\u00f4nier d\u2019\u00e9tudiants (1954-1969), il prend la mesure des attentes de la jeunesse et des transformations en cours. Cur\u00e9 de la paroisse Sainte-Jeanne de Chantal \u00e0 Paris (1969- 1979), il s\u2019att\u00e8le \u00e0 &hellip; <a href=\"https:\/\/www.cirdic.fr\/index.php\/2017\/10\/09\/jean-marie-lustiger-entre-crises-et-recompositions-catholiques-de-1954-a-2007-les-12-13-et-14-octobre\/\" class=\"more-link\">Continuer la lecture<span class=\"screen-reader-text\"> de &laquo;&nbsp;J.M. Lustiger, entre crises et recompositions catholiques de 1954 \u00e0 2007 : les 12, 13 et 14 octobre !&nbsp;&raquo;<\/span><\/a><\/p>\n","protected":false},"author":2,"featured_media":0,"comment_status":"closed","ping_status":"closed","sticky":false,"template":"","format":"standard","meta":{"_jetpack_memberships_contains_paid_content":false,"footnotes":""},"categories":[19],"tags":[],"class_list":["post-2387","post","type-post","status-publish","format-standard","hentry","category-sessions-we"],"jetpack_featured_media_url":"","jetpack_sharing_enabled":true,"_links":{"self":[{"href":"https:\/\/www.cirdic.fr\/index.php\/wp-json\/wp\/v2\/posts\/2387","targetHints":{"allow":["GET"]}}],"collection":[{"href":"https:\/\/www.cirdic.fr\/index.php\/wp-json\/wp\/v2\/posts"}],"about":[{"href":"https:\/\/www.cirdic.fr\/index.php\/wp-json\/wp\/v2\/types\/post"}],"author":[{"embeddable":true,"href":"https:\/\/www.cirdic.fr\/index.php\/wp-json\/wp\/v2\/users\/2"}],"replies":[{"embeddable":true,"href":"https:\/\/www.cirdic.fr\/index.php\/wp-json\/wp\/v2\/comments?post=2387"}],"version-history":[{"count":0,"href":"https:\/\/www.cirdic.fr\/index.php\/wp-json\/wp\/v2\/posts\/2387\/revisions"}],"wp:attachment":[{"href":"https:\/\/www.cirdic.fr\/index.php\/wp-json\/wp\/v2\/media?parent=2387"}],"wp:term":[{"taxonomy":"category","embeddable":true,"href":"https:\/\/www.cirdic.fr\/index.php\/wp-json\/wp\/v2\/categories?post=2387"},{"taxonomy":"post_tag","embeddable":true,"href":"https:\/\/www.cirdic.fr\/index.php\/wp-json\/wp\/v2\/tags?post=2387"}],"curies":[{"name":"wp","href":"https:\/\/api.w.org\/{rel}","templated":true}]}}