{"id":2156,"date":"2017-06-23T12:33:12","date_gmt":"2017-06-23T10:33:12","guid":{"rendered":"http:\/\/www.cirdic.fr\/?p=2156"},"modified":"2017-06-23T12:33:12","modified_gmt":"2017-06-23T10:33:12","slug":"la-lettre-du-dimanche-12e-dim-ordinaire","status":"publish","type":"post","link":"https:\/\/www.cirdic.fr\/index.php\/2017\/06\/23\/la-lettre-du-dimanche-12e-dim-ordinaire\/","title":{"rendered":"La lettre du dimanche : 12e dim ordinaire"},"content":{"rendered":"<p style=\"text-align: justify;\"><img loading=\"lazy\" decoding=\"async\" class=\"size-thumbnail wp-image-2157 alignleft\" src=\"https:\/\/www.cirdic.fr\/wp-content\/uploads\/2017\/06\/111-150x150.jpg\" alt=\"\" width=\"150\" height=\"150\" \/>Proclamer la parole de Dieu \u00e0 la face du monde n\u2019est pas chose ais\u00e9e\u00a0: elle provoque souvent indiff\u00e9rence ou moquerie, voire irritation et violence contre celui qui t\u00e9moigne. Les \u00c9critures en apportent de multiples exemples, mais saint Paul, qui a pay\u00e9 de sa vie son t\u00e9moignage, nous rappelle que ce sort a \u00e9t\u00e9 aussi celui de J\u00e9sus, mais que cela a \u00e9t\u00e9 source de salut pour tous les hommes. Dans l\u2019\u00e9vangile de Matthieu, J\u00e9sus affirme que ceux qui \u00e0 leur tour prendront le risque de se d\u00e9clarer pour Lui, Parole vivante, \u00a0seront reconnus par Lui devant son P\u00e8re.\u00a0<!--more--><\/p>\n<p><strong>Livre du proph\u00e8te J\u00e9r\u00e9mie 20,10-13<\/strong><\/p>\n<p style=\"text-align: justify;\">Comme tout proph\u00e8te, J\u00e9r\u00e9mie n\u2019est pas seulement celui qui annonce les \u00e9v\u00e9nements \u00e0 venir, &#8211; ici l\u2019invasion du royaume de Juda et la destruction du Temple par les Chald\u00e9ens (\u00ab\u00a0l\u2019\u00e9pouvante de tous c\u00f4t\u00e9s\u00a0\u00bb)- , mais aussi celui qui est le garant de Dieu et qui doit sans cesse rappeler au peuple que ses comportements et les choix politiques de ses dirigeants sont contraires aux prescriptions de Dieu. Ainsi, ils courent \u00e0 leur perte. Mais le peuple ne veut pas entendre les avertissements de J\u00e9r\u00e9mie, m\u00eame ses amis se d\u00e9tournent de lui. Il est ha\u00ef par tous. On va le d\u00e9noncer aux autorit\u00e9s pour qu\u2019il soit r\u00e9duit au silence. J\u00e9r\u00e9mie a bien tent\u00e9 de taire la parole que Dieu mettait en lui, mais elle a \u00e9t\u00e9 la plus forte\u00a0 et il a d\u00fb reprendre ses annonces en s\u2019appuyant d\u00e9sormais avec confiance sur Dieu qui le prot\u00e9gera. On per\u00e7oit dans ce r\u00e9cit de J\u00e9r\u00e9mie une pr\u00e9figuration de ce que sera l\u2019itin\u00e9raire de J\u00e9sus.<\/p>\n<p><strong>Psaume 68<\/strong><\/p>\n<p style=\"text-align: justify;\">L\u2019auteur t\u00e9moigne, et il est insult\u00e9, et m\u00eame rejet\u00e9 par les membres de sa propre famille. Il n\u2019y a qu\u2019en Dieu qu\u2019il trouvera un refuge et un secours. Le dernier verset rend gr\u00e2ce \u00e0 Dieu qui regarde et soutient les pauvres et les humbles, jusque dans la prison (de leur p\u00e9ch\u00e9).<\/p>\n<p><strong>Lettre de saint Paul ap\u00f4tre aux Romains 5,12-15<\/strong><\/p>\n<p style=\"text-align: justify;\">Adam n\u2019a pas ob\u00e9i au premier interdit de Dieu de ne pas manger de l\u2019arbre de la connaissance de ce qui est bon ou mauvais, et a entra\u00een\u00e9 l\u2019humanit\u00e9 dans le p\u00e9ch\u00e9 et dans la mort. C\u2019est par un seul homme, fid\u00e8le \u00e0 toute la Parole, que Dieu a r\u00e9pandu sa gr\u00e2ce en surabondance en J\u00e9sus qui sauve ainsi tous les hommes depuis la Cr\u00e9ation jusqu\u2019au dernier jour.<\/p>\n<p><strong>Evangile selon saint Matthieu 10,26-33<\/strong><\/p>\n<p style=\"text-align: justify;\">J\u00e9sus laisse entendre que beaucoup de choses restent encore voil\u00e9es. La R\u00e9v\u00e9lation n\u2019est pas compl\u00e8te. A ceux qui re\u00e7oivent des v\u00e9rit\u00e9s que J\u00e9sus leur\u00a0 confie dans les t\u00e9n\u00e8bres, comme des mots d\u2019amour, il revient de les proclamer en pleine lumi\u00e8re et de les crier sur les toits. Ce ne sera sans doute pas sans risque. Mais Dieu qui pr\u00eate attention au plus petit des oiseaux saura prendre soin des hommes qui auront \u00e9t\u00e9 fid\u00e8les \u00e0 l\u2019enseignement de J\u00e9sus.<\/p>\n<p style=\"text-align: justify;\"><strong>Conclusion<\/strong>\u00a0: Les \u00e9v\u00e9nements tragiques des derniers mois nous ont rappel\u00e9 que depuis J\u00e9r\u00e9mie les hommes rejettent la Parole de Dieu et que ceux qui la proclament peuvent toujours en porter t\u00e9moignage, quelquefois jusqu\u2019\u00e0 donner leur propre vie.<\/p>\n<table width=\"100%\">\n<tbody>\n<tr>\n<td>\n<ul>\n<li><strong>Notes<\/strong><\/li>\n<\/ul>\n<p><strong>\u00a0<\/strong>\u00ab<strong>\u00a0Adam<\/strong> pr\u00e9figure celui qui devait venir\u00a0\u00bb.<\/p>\n<p>Les rabbins ont coutume de dire que dans le nom d\u2019Adam il y a le <strong>A <\/strong>d\u2019Adam, le <strong>Da<\/strong> de David, anc\u00eatre du Messie, et le <strong>M<\/strong> de Messie.<\/td>\n<\/tr>\n<\/tbody>\n<\/table>\n<table width=\"100%\">\n<tbody>\n<tr>\n<td>\n<ul>\n<li><strong>Textes Parall\u00e8les<\/strong><\/li>\n<\/ul>\n<p><strong><em>Lumi\u00e8re\u00a0:<br \/>\n<\/em><\/strong><strong><em>Mt 5,14<\/em><\/strong> Vous \u00eates la lumi\u00e8re du monde<br \/>\n<strong><em>Mt 5,15<\/em><\/strong> On n\u2019allume pas une lampe pour la mettre sous le boisseau<\/td>\n<\/tr>\n<\/tbody>\n<\/table>\n<p><a href=\"https:\/\/www.cirdic.fr\/wp-content\/uploads\/2017\/01\/2017-12e-dimanche-ordinaire-A.pdf\">T\u00e9l\u00e9charger la lettre ici !<\/a><\/p>\n","protected":false},"excerpt":{"rendered":"<p>Proclamer la parole de Dieu \u00e0 la face du monde n\u2019est pas chose ais\u00e9e\u00a0: elle provoque souvent indiff\u00e9rence ou moquerie, voire irritation et violence contre celui qui t\u00e9moigne. Les \u00c9critures en apportent de multiples exemples, mais saint Paul, qui a pay\u00e9 de sa vie son t\u00e9moignage, nous rappelle que ce sort a \u00e9t\u00e9 aussi celui &hellip; <a href=\"https:\/\/www.cirdic.fr\/index.php\/2017\/06\/23\/la-lettre-du-dimanche-12e-dim-ordinaire\/\" class=\"more-link\">Continuer la lecture<span class=\"screen-reader-text\"> de &laquo;&nbsp;La lettre du dimanche : 12e dim ordinaire&nbsp;&raquo;<\/span><\/a><\/p>\n","protected":false},"author":2,"featured_media":0,"comment_status":"closed","ping_status":"closed","sticky":false,"template":"","format":"standard","meta":{"_jetpack_memberships_contains_paid_content":false,"footnotes":""},"categories":[17],"tags":[12],"class_list":["post-2156","post","type-post","status-publish","format-standard","hentry","category-la-lettre-du-dimanche","tag-fiche-pedagogique"],"jetpack_featured_media_url":"","jetpack_sharing_enabled":true,"_links":{"self":[{"href":"https:\/\/www.cirdic.fr\/index.php\/wp-json\/wp\/v2\/posts\/2156","targetHints":{"allow":["GET"]}}],"collection":[{"href":"https:\/\/www.cirdic.fr\/index.php\/wp-json\/wp\/v2\/posts"}],"about":[{"href":"https:\/\/www.cirdic.fr\/index.php\/wp-json\/wp\/v2\/types\/post"}],"author":[{"embeddable":true,"href":"https:\/\/www.cirdic.fr\/index.php\/wp-json\/wp\/v2\/users\/2"}],"replies":[{"embeddable":true,"href":"https:\/\/www.cirdic.fr\/index.php\/wp-json\/wp\/v2\/comments?post=2156"}],"version-history":[{"count":0,"href":"https:\/\/www.cirdic.fr\/index.php\/wp-json\/wp\/v2\/posts\/2156\/revisions"}],"wp:attachment":[{"href":"https:\/\/www.cirdic.fr\/index.php\/wp-json\/wp\/v2\/media?parent=2156"}],"wp:term":[{"taxonomy":"category","embeddable":true,"href":"https:\/\/www.cirdic.fr\/index.php\/wp-json\/wp\/v2\/categories?post=2156"},{"taxonomy":"post_tag","embeddable":true,"href":"https:\/\/www.cirdic.fr\/index.php\/wp-json\/wp\/v2\/tags?post=2156"}],"curies":[{"name":"wp","href":"https:\/\/api.w.org\/{rel}","templated":true}]}}