{"id":2067,"date":"2017-06-16T14:36:16","date_gmt":"2017-06-16T12:36:16","guid":{"rendered":"http:\/\/www.cirdic.fr\/?p=2067"},"modified":"2017-06-16T14:36:16","modified_gmt":"2017-06-16T12:36:16","slug":"ajcf-94-dimanche-18-juin-2017","status":"publish","type":"post","link":"https:\/\/www.cirdic.fr\/index.php\/2017\/06\/16\/ajcf-94-dimanche-18-juin-2017\/","title":{"rendered":"Les religions face au d\u00e9fi de la libert\u00e9. AJCF 94"},"content":{"rendered":"<p><a href=\"https:\/\/www.cirdic.fr\/wp-content\/uploads\/2017\/06\/ajcf94_logo.jpg\"><img loading=\"lazy\" decoding=\"async\" class=\"alignleft size-thumbnail wp-image-2068\" src=\"https:\/\/www.cirdic.fr\/wp-content\/uploads\/2017\/06\/ajcf94_logo-150x150.jpg\" alt=\"\" width=\"150\" height=\"150\" \/><\/a><strong>Dimanche 18 juin 2017,<\/strong> <strong>17h00,<br \/>\nRelais paroissial Sainte-Bernadette<\/strong><br \/>\n<strong>4 av du Fort 94370 Sucy-en-Brie<\/strong><\/p>\n<p>Cette r\u00e9union est organis\u00e9e par l&rsquo;Espace Culturel Juif de Sucy-en-Brie : Beth Hillel, en collaboration avec le groupe AJCF du Val-de-Marne.<\/p>\n<p><strong>Intervenants :<\/strong><\/p>\n<ul>\n<li>Fr\u00e8re Louis-Marie Coudray, secr\u00e9taire du Comit\u00e9 \u00e9piscopal des Relations avec le Juda\u00efsme<\/li>\n<li>Franklin Rausky, directeur des Etudes Juives de l&rsquo;institut Elie Wiesel<\/li>\n<li>Morad El Hattab, \u00e9crivain<\/li>\n<\/ul>\n<p>Affichette \u00e0 t\u00e9l\u00e9charger en .jpg<a href=\"https:\/\/www.cirdic.fr\/wp-content\/uploads\/2017\/06\/170618_AJCF94_affichej2.jpg\"><img loading=\"lazy\" decoding=\"async\" class=\"alignleft size-thumbnail wp-image-2071\" src=\"https:\/\/www.cirdic.fr\/wp-content\/uploads\/2017\/06\/170618_AJCF94_affichej2-150x150.jpg\" alt=\"Les religions face au d\u00e9fi de la libert\u00e9 ?\" width=\"150\" height=\"150\" \/><\/a><\/p>\n","protected":false},"excerpt":{"rendered":"<p>Dimanche 18 juin 2017, 17h00, Relais paroissial Sainte-Bernadette 4 av du Fort 94370 Sucy-en-Brie Cette r\u00e9union est organis\u00e9e par l&rsquo;Espace Culturel Juif de Sucy-en-Brie : Beth Hillel, en collaboration avec le groupe AJCF du Val-de-Marne. Intervenants : Fr\u00e8re Louis-Marie Coudray, secr\u00e9taire du Comit\u00e9 \u00e9piscopal des Relations avec le Juda\u00efsme Franklin Rausky, directeur des Etudes Juives &hellip; <a href=\"https:\/\/www.cirdic.fr\/index.php\/2017\/06\/16\/ajcf-94-dimanche-18-juin-2017\/\" class=\"more-link\">Continuer la lecture<span class=\"screen-reader-text\"> de &laquo;&nbsp;Les religions face au d\u00e9fi de la libert\u00e9. AJCF 94&nbsp;&raquo;<\/span><\/a><\/p>\n","protected":false},"author":2,"featured_media":0,"comment_status":"closed","ping_status":"closed","sticky":false,"template":"","format":"standard","meta":{"_jetpack_memberships_contains_paid_content":false,"footnotes":""},"categories":[24],"tags":[],"class_list":["post-2067","post","type-post","status-publish","format-standard","hentry","category-conferences"],"jetpack_featured_media_url":"","jetpack_sharing_enabled":true,"_links":{"self":[{"href":"https:\/\/www.cirdic.fr\/index.php\/wp-json\/wp\/v2\/posts\/2067","targetHints":{"allow":["GET"]}}],"collection":[{"href":"https:\/\/www.cirdic.fr\/index.php\/wp-json\/wp\/v2\/posts"}],"about":[{"href":"https:\/\/www.cirdic.fr\/index.php\/wp-json\/wp\/v2\/types\/post"}],"author":[{"embeddable":true,"href":"https:\/\/www.cirdic.fr\/index.php\/wp-json\/wp\/v2\/users\/2"}],"replies":[{"embeddable":true,"href":"https:\/\/www.cirdic.fr\/index.php\/wp-json\/wp\/v2\/comments?post=2067"}],"version-history":[{"count":0,"href":"https:\/\/www.cirdic.fr\/index.php\/wp-json\/wp\/v2\/posts\/2067\/revisions"}],"wp:attachment":[{"href":"https:\/\/www.cirdic.fr\/index.php\/wp-json\/wp\/v2\/media?parent=2067"}],"wp:term":[{"taxonomy":"category","embeddable":true,"href":"https:\/\/www.cirdic.fr\/index.php\/wp-json\/wp\/v2\/categories?post=2067"},{"taxonomy":"post_tag","embeddable":true,"href":"https:\/\/www.cirdic.fr\/index.php\/wp-json\/wp\/v2\/tags?post=2067"}],"curies":[{"name":"wp","href":"https:\/\/api.w.org\/{rel}","templated":true}]}}