{"id":2027,"date":"2017-06-01T16:51:11","date_gmt":"2017-06-01T14:51:11","guid":{"rendered":"http:\/\/www.cirdic.fr\/?p=2027"},"modified":"2023-07-20T16:31:29","modified_gmt":"2023-07-20T14:31:29","slug":"assemblee-generale-11-juin-2017-14h30","status":"publish","type":"post","link":"https:\/\/www.cirdic.fr\/index.php\/2017\/06\/01\/assemblee-generale-11-juin-2017-14h30\/","title":{"rendered":"Assembl\u00e9e g\u00e9n\u00e9rale. 11 juin 2017, 14h30"},"content":{"rendered":"<p style=\"text-align: justify;\"><span id=\"OBJ_PREFIX_DWT215_com_zimbra_date\" class=\"Object-active\"><a href=\"https:\/\/www.cirdic.fr\/wp-content\/uploads\/2017\/06\/assemblee-generale_logo.png\"><img loading=\"lazy\" decoding=\"async\" class=\"alignleft size-thumbnail wp-image-2034\" src=\"https:\/\/www.cirdic.fr\/wp-content\/uploads\/2017\/06\/assemblee-generale_logo-150x150.png\" alt=\"\" width=\"150\" height=\"150\" \/><\/a>Assembl\u00e9e g\u00e9n\u00e9rale du CIRDIC<br \/>\n<strong>Dimanche 11 juin 2017<\/strong><\/span><strong> \u00e0 14h30, Coll\u00e8ge des Bernardins<\/strong><br \/>\n20, rue de Poissy &#8211; Paris 5\u00e8me<br \/>\nCette r\u00e9union vous permettra de prendre connaissance des projets sur lesquels travaille l\u2019\u00e9quipe du CIRDIC, de donner votre avis et de faire des suggestions.<br \/>\nVous \u00eates tous invit\u00e9s mais ne pourront voter que les personnes \u00e0 jour de leur cotisation 2017 :<br \/>\n<a href=\"https:\/\/www.cirdic.fr\/wp-content\/uploads\/2017\/06\/170611_-Appel-de-cotisation-2017.pdf\" target=\"_blank\" rel=\"noopener noreferrer\">Bulletin d&rsquo;adh\u00e9sion 2017 \u00e0 t\u00e9l\u00e9charger<\/a> et \u00e0 renvoyer \u00e0 l&rsquo;adresse postale indiqu\u00e9e sur le bulletin<br \/>\nPour les adh\u00e9rents, <a href=\"https:\/\/www.cirdic.fr\/wp-content\/uploads\/2017\/06\/170611_Procuration-ag.pdf\" target=\"_blank\" rel=\"noopener noreferrer\">procuration \u00e0 t\u00e9l\u00e9charger<\/a> et \u00e0 nous renvoyer \u00e0 la m\u00eame adresse si vous ne pouvez pas \u00eatre pr\u00e9sent<\/p>\n","protected":false},"excerpt":{"rendered":"<p>Assembl\u00e9e g\u00e9n\u00e9rale du CIRDIC Dimanche 11 juin 2017 \u00e0 14h30, Coll\u00e8ge des Bernardins 20, rue de Poissy &#8211; Paris 5\u00e8me Cette r\u00e9union vous permettra de prendre connaissance des projets sur lesquels travaille l\u2019\u00e9quipe du CIRDIC, de donner votre avis et de faire des suggestions. Vous \u00eates tous invit\u00e9s mais ne pourront voter que les personnes &hellip; <a href=\"https:\/\/www.cirdic.fr\/index.php\/2017\/06\/01\/assemblee-generale-11-juin-2017-14h30\/\" class=\"more-link\">Continuer la lecture<span class=\"screen-reader-text\"> de &laquo;&nbsp;Assembl\u00e9e g\u00e9n\u00e9rale. 11 juin 2017, 14h30&nbsp;&raquo;<\/span><\/a><\/p>\n","protected":false},"author":2,"featured_media":0,"comment_status":"closed","ping_status":"closed","sticky":false,"template":"","format":"standard","meta":{"_jetpack_memberships_contains_paid_content":false,"footnotes":""},"categories":[8],"tags":[],"class_list":["post-2027","post","type-post","status-publish","format-standard","hentry","category-vie-du-cirdic"],"jetpack_featured_media_url":"","jetpack_sharing_enabled":true,"_links":{"self":[{"href":"https:\/\/www.cirdic.fr\/index.php\/wp-json\/wp\/v2\/posts\/2027","targetHints":{"allow":["GET"]}}],"collection":[{"href":"https:\/\/www.cirdic.fr\/index.php\/wp-json\/wp\/v2\/posts"}],"about":[{"href":"https:\/\/www.cirdic.fr\/index.php\/wp-json\/wp\/v2\/types\/post"}],"author":[{"embeddable":true,"href":"https:\/\/www.cirdic.fr\/index.php\/wp-json\/wp\/v2\/users\/2"}],"replies":[{"embeddable":true,"href":"https:\/\/www.cirdic.fr\/index.php\/wp-json\/wp\/v2\/comments?post=2027"}],"version-history":[{"count":2,"href":"https:\/\/www.cirdic.fr\/index.php\/wp-json\/wp\/v2\/posts\/2027\/revisions"}],"predecessor-version":[{"id":4190,"href":"https:\/\/www.cirdic.fr\/index.php\/wp-json\/wp\/v2\/posts\/2027\/revisions\/4190"}],"wp:attachment":[{"href":"https:\/\/www.cirdic.fr\/index.php\/wp-json\/wp\/v2\/media?parent=2027"}],"wp:term":[{"taxonomy":"category","embeddable":true,"href":"https:\/\/www.cirdic.fr\/index.php\/wp-json\/wp\/v2\/categories?post=2027"},{"taxonomy":"post_tag","embeddable":true,"href":"https:\/\/www.cirdic.fr\/index.php\/wp-json\/wp\/v2\/tags?post=2027"}],"curies":[{"name":"wp","href":"https:\/\/api.w.org\/{rel}","templated":true}]}}