{"id":1929,"date":"2002-12-01T18:37:58","date_gmt":"2002-12-01T17:37:58","guid":{"rendered":"http:\/\/www.cirdic.fr\/?p=1929"},"modified":"2002-12-01T18:37:58","modified_gmt":"2002-12-01T17:37:58","slug":"le-souci-des-autres-au-fondement-de-la-loi-juive","status":"publish","type":"post","link":"https:\/\/www.cirdic.fr\/index.php\/2002\/12\/01\/le-souci-des-autres-au-fondement-de-la-loi-juive\/","title":{"rendered":"Le souci des autres : Au fondement de la loi juive"},"content":{"rendered":"<p style=\"text-align: justify;\"><a href=\"https:\/\/www.cirdic.fr\/wp-content\/uploads\/2017\/05\/le-souci-des-autres-au-fondement-de-la-loi-juive_bernheim_calmann-levy_2002.jpg\"><img loading=\"lazy\" decoding=\"async\" class=\"alignleft size-medium wp-image-1930\" src=\"https:\/\/www.cirdic.fr\/wp-content\/uploads\/2017\/05\/le-souci-des-autres-au-fondement-de-la-loi-juive_bernheim_calmann-levy_2002-198x300.jpg\" alt=\"\" width=\"198\" height=\"300\" srcset=\"https:\/\/www.cirdic.fr\/wp-content\/uploads\/2017\/05\/le-souci-des-autres-au-fondement-de-la-loi-juive_bernheim_calmann-levy_2002-198x300.jpg 198w, https:\/\/www.cirdic.fr\/wp-content\/uploads\/2017\/05\/le-souci-des-autres-au-fondement-de-la-loi-juive_bernheim_calmann-levy_2002.jpg 250w\" sizes=\"auto, (max-width: 198px) 85vw, 198px\" \/><\/a><em>Gilles Bernheim<\/em><br \/>\n<strong>Calmann-L\u00e9vy &#8211; Septembre 2002<\/strong>.<br \/>\nEAN : 9782702133163<\/p>\n<p><em>Notice \u00e9diteur :<\/em> \u00ab\u00a0Les lois et les f\u00eates juives, charpentes de la vie et du temps, sont faites pour aider l&rsquo;homme \u00e0 se r\u00e9aliser dans son humanit\u00e9 et pour favoriser l&rsquo;humanit\u00e9 d&rsquo;autrui, ainsi qu&rsquo;il fut exig\u00e9 lors de la R\u00e9v\u00e9lation du Sina\u00ef : \u00eatre capable de relation et de transmission.<\/p>\n<p>Savoir parler et \u00e9couter, donner et recevoir. Savoir regarder. Etre en mesure de r\u00e9parer un pr\u00e9judice, toutes sortes de pr\u00e9judices\u2026\u00a0\u00bb Ainsi s&rsquo;exprime Gilles Bernheim, Grand Rabbin de la synagogue de la Victoire \u00e0 Paris et philosophe.<\/p>\n","protected":false},"excerpt":{"rendered":"<p>Gilles Bernheim Calmann-L\u00e9vy &#8211; Septembre 2002. EAN : 9782702133163 Notice \u00e9diteur : \u00ab\u00a0Les lois et les f\u00eates juives, charpentes de la vie et du temps, sont faites pour aider l&rsquo;homme \u00e0 se r\u00e9aliser dans son humanit\u00e9 et pour favoriser l&rsquo;humanit\u00e9 d&rsquo;autrui, ainsi qu&rsquo;il fut exig\u00e9 lors de la R\u00e9v\u00e9lation du Sina\u00ef : \u00eatre capable de &hellip; <a href=\"https:\/\/www.cirdic.fr\/index.php\/2002\/12\/01\/le-souci-des-autres-au-fondement-de-la-loi-juive\/\" class=\"more-link\">Continuer la lecture<span class=\"screen-reader-text\"> de &laquo;&nbsp;Le souci des autres : Au fondement de la loi juive&nbsp;&raquo;<\/span><\/a><\/p>\n","protected":false},"author":2,"featured_media":0,"comment_status":"closed","ping_status":"closed","sticky":false,"template":"","format":"standard","meta":{"_jetpack_memberships_contains_paid_content":false,"footnotes":""},"categories":[3],"tags":[],"class_list":["post-1929","post","type-post","status-publish","format-standard","hentry","category-livre"],"jetpack_featured_media_url":"","jetpack_sharing_enabled":true,"_links":{"self":[{"href":"https:\/\/www.cirdic.fr\/index.php\/wp-json\/wp\/v2\/posts\/1929","targetHints":{"allow":["GET"]}}],"collection":[{"href":"https:\/\/www.cirdic.fr\/index.php\/wp-json\/wp\/v2\/posts"}],"about":[{"href":"https:\/\/www.cirdic.fr\/index.php\/wp-json\/wp\/v2\/types\/post"}],"author":[{"embeddable":true,"href":"https:\/\/www.cirdic.fr\/index.php\/wp-json\/wp\/v2\/users\/2"}],"replies":[{"embeddable":true,"href":"https:\/\/www.cirdic.fr\/index.php\/wp-json\/wp\/v2\/comments?post=1929"}],"version-history":[{"count":0,"href":"https:\/\/www.cirdic.fr\/index.php\/wp-json\/wp\/v2\/posts\/1929\/revisions"}],"wp:attachment":[{"href":"https:\/\/www.cirdic.fr\/index.php\/wp-json\/wp\/v2\/media?parent=1929"}],"wp:term":[{"taxonomy":"category","embeddable":true,"href":"https:\/\/www.cirdic.fr\/index.php\/wp-json\/wp\/v2\/categories?post=1929"},{"taxonomy":"post_tag","embeddable":true,"href":"https:\/\/www.cirdic.fr\/index.php\/wp-json\/wp\/v2\/tags?post=1929"}],"curies":[{"name":"wp","href":"https:\/\/api.w.org\/{rel}","templated":true}]}}