{"id":1923,"date":"2012-12-01T18:13:35","date_gmt":"2012-12-01T17:13:35","guid":{"rendered":"http:\/\/www.cirdic.fr\/?p=1923"},"modified":"2012-12-01T18:13:35","modified_gmt":"2012-12-01T17:13:35","slug":"noublions-pas-de-penser-la-france","status":"publish","type":"post","link":"https:\/\/www.cirdic.fr\/index.php\/2012\/12\/01\/noublions-pas-de-penser-la-france\/","title":{"rendered":"N&rsquo;oublions pas de penser la France"},"content":{"rendered":"<p style=\"text-align: justify;\"><a href=\"https:\/\/www.cirdic.fr\/wp-content\/uploads\/2017\/05\/n-oublions-pas-de-penser-la-france_bernheim_stock_2012.jpg\"><img loading=\"lazy\" decoding=\"async\" class=\"alignleft wp-image-1924 size-medium\" src=\"https:\/\/www.cirdic.fr\/wp-content\/uploads\/2017\/05\/n-oublions-pas-de-penser-la-france_bernheim_stock_2012-211x300.jpg\" alt=\"\" width=\"211\" height=\"300\" srcset=\"https:\/\/www.cirdic.fr\/wp-content\/uploads\/2017\/05\/n-oublions-pas-de-penser-la-france_bernheim_stock_2012-211x300.jpg 211w, https:\/\/www.cirdic.fr\/wp-content\/uploads\/2017\/05\/n-oublions-pas-de-penser-la-france_bernheim_stock_2012.jpg 600w\" sizes=\"auto, (max-width: 211px) 85vw, 211px\" \/><\/a><em>Gilles Bernheim<\/em><br \/>\n<strong>Stock &#8211; F\u00e9vrier 2012.<\/strong> (Essais &#8211; Documents)<br \/>\nEAN : 9782234073265<br \/>\n<em>Analyse SIDIC<\/em> : En ce temps de d\u00e9construction de l&rsquo;Europe, le Grand Rabbin de France pose les bases de sa reconstruction. Pour ce faire, il r\u00e9pond aux questions de douze intellectuels fran\u00e7ais venus d&rsquo;horizons diff\u00e9rents qui l&rsquo;interrogent sur les probl\u00e8mes de soci\u00e9t\u00e9, d&rsquo;\u00e9conomie, d&rsquo;\u00e9thique, d&rsquo;\u00e9cologie qui doivent \u00eatre au programme des politiques d&rsquo;aujourd&rsquo;hui. Sa r\u00e9flexion est d&rsquo;abord citoyenne, mais comment la dissocier de celle du rabbin, responsable de penser son temps \u00e0 l&rsquo;aune de la Tora ?<!--more-->Gilles Bernheim est agr\u00e9g\u00e9 de philosophie et grand rabbin de France depuis 2008. Son int\u00e9r\u00eat pour les questions de soci\u00e9t\u00e9 s\u2019est toujours manifest\u00e9, comme en t\u00e9moigne son premier livre, <em>Un rabbin dans la cit\u00e9<\/em> (Calmann-L\u00e9vy). Il a \u00e9galement publi\u00e9 <em>Le souci des autres<\/em> (Calmann-L\u00e9vy), <em>Le rabbin et le cardinal<\/em>, avec Philippe Barbarin (Stock), prix \u00ab Spiritualit\u00e9s d\u2019aujourd\u2019hui \u00bb, et <em>Quarante M\u00e9ditations juives<\/em> (Stock).<\/p>\n<p style=\"text-align: justify;\">Plus d&rsquo;informations sur la <a href=\"http:\/\/www.editions-stock.fr\/noublions-pas-de-penser-la-france-9782234073265\" target=\"_blank\" rel=\"noopener noreferrer\">page de l&rsquo;\u00e9diteur<\/a><\/p>\n","protected":false},"excerpt":{"rendered":"<p>Gilles Bernheim Stock &#8211; F\u00e9vrier 2012. (Essais &#8211; Documents) EAN : 9782234073265 Analyse SIDIC : En ce temps de d\u00e9construction de l&rsquo;Europe, le Grand Rabbin de France pose les bases de sa reconstruction. Pour ce faire, il r\u00e9pond aux questions de douze intellectuels fran\u00e7ais venus d&rsquo;horizons diff\u00e9rents qui l&rsquo;interrogent sur les probl\u00e8mes de soci\u00e9t\u00e9, d&rsquo;\u00e9conomie, &hellip; <a href=\"https:\/\/www.cirdic.fr\/index.php\/2012\/12\/01\/noublions-pas-de-penser-la-france\/\" class=\"more-link\">Continuer la lecture<span class=\"screen-reader-text\"> de &laquo;&nbsp;N&rsquo;oublions pas de penser la France&nbsp;&raquo;<\/span><\/a><\/p>\n","protected":false},"author":2,"featured_media":0,"comment_status":"closed","ping_status":"closed","sticky":false,"template":"","format":"standard","meta":{"_jetpack_memberships_contains_paid_content":false,"footnotes":""},"categories":[3],"tags":[],"class_list":["post-1923","post","type-post","status-publish","format-standard","hentry","category-livre"],"jetpack_featured_media_url":"","jetpack_sharing_enabled":true,"_links":{"self":[{"href":"https:\/\/www.cirdic.fr\/index.php\/wp-json\/wp\/v2\/posts\/1923","targetHints":{"allow":["GET"]}}],"collection":[{"href":"https:\/\/www.cirdic.fr\/index.php\/wp-json\/wp\/v2\/posts"}],"about":[{"href":"https:\/\/www.cirdic.fr\/index.php\/wp-json\/wp\/v2\/types\/post"}],"author":[{"embeddable":true,"href":"https:\/\/www.cirdic.fr\/index.php\/wp-json\/wp\/v2\/users\/2"}],"replies":[{"embeddable":true,"href":"https:\/\/www.cirdic.fr\/index.php\/wp-json\/wp\/v2\/comments?post=1923"}],"version-history":[{"count":0,"href":"https:\/\/www.cirdic.fr\/index.php\/wp-json\/wp\/v2\/posts\/1923\/revisions"}],"wp:attachment":[{"href":"https:\/\/www.cirdic.fr\/index.php\/wp-json\/wp\/v2\/media?parent=1923"}],"wp:term":[{"taxonomy":"category","embeddable":true,"href":"https:\/\/www.cirdic.fr\/index.php\/wp-json\/wp\/v2\/categories?post=1923"},{"taxonomy":"post_tag","embeddable":true,"href":"https:\/\/www.cirdic.fr\/index.php\/wp-json\/wp\/v2\/tags?post=1923"}],"curies":[{"name":"wp","href":"https:\/\/api.w.org\/{rel}","templated":true}]}}