{"id":1914,"date":"2012-12-01T17:19:21","date_gmt":"2012-12-01T16:19:21","guid":{"rendered":"http:\/\/www.cirdic.fr\/?p=1914"},"modified":"2012-12-01T17:19:21","modified_gmt":"2012-12-01T16:19:21","slug":"le-dieu-auquel-je-crois-entretiens","status":"publish","type":"post","link":"https:\/\/www.cirdic.fr\/index.php\/2012\/12\/01\/le-dieu-auquel-je-crois-entretiens\/","title":{"rendered":"Le Dieu auquel je crois. Entretiens"},"content":{"rendered":"<p style=\"text-align: justify;\"><em><a href=\"https:\/\/www.cirdic.fr\/wp-content\/uploads\/2012\/12\/le-dieu-auquel-jecrois_malka_cerf_2012.jpg\"><img loading=\"lazy\" decoding=\"async\" class=\"alignleft size-medium wp-image-1917\" src=\"https:\/\/www.cirdic.fr\/wp-content\/uploads\/2012\/12\/le-dieu-auquel-jecrois_malka_cerf_2012-189x300.jpg\" alt=\"\" width=\"189\" height=\"300\" srcset=\"https:\/\/www.cirdic.fr\/wp-content\/uploads\/2012\/12\/le-dieu-auquel-jecrois_malka_cerf_2012-189x300.jpg 189w, https:\/\/www.cirdic.fr\/wp-content\/uploads\/2012\/12\/le-dieu-auquel-jecrois_malka_cerf_2012.jpg 241w\" sizes=\"auto, (max-width: 189px) 85vw, 189px\" \/><\/a>Victor Malka<\/em><br \/>\n<strong>Editions du Cerf &#8211; Juin 2012.<br \/>\n<\/strong> (Histoires &#8211; Juda\u00efsmes &#8211; Toledot)<br \/>\nISBN\u00a0: 9782204097468<br \/>\n<em>Analyse SIDIC : <\/em>Quel est donc le Dieu auquel vous croyez ? Pos\u00e9e par Victor Malka \u00e0 des philosophes, des rabbins, des scientifiques, des hommes, deux femmes et un po\u00e8te, cette question en am\u00e8ne une autre : chacun aurait-il un Dieu auquel il croit ?<\/p>\n<p style=\"text-align: justify;\"><!--more--><br \/>\nParce qu\u2019\u00a0\u00bbil y a des questions \u00e0 l\u2019\u00e9chelle humaine auxquelles on ne peut apporter de r\u00e9ponses\u00a0\u00bb (R.S. Sirat), les sages d\u2019Isra\u00ebl disent : \u00ab\u00a0chacun doit se dire : le monde a \u00e9t\u00e9 cr\u00e9\u00e9 pour moi\u00a0\u00bb, et \u00ab\u00a0le monde est un laboratoire dans lequel Dieu et les hommes doivent op\u00e9rer en synergie\u00a0\u00bb (R. Krygier).<br \/>\nConfront\u00e9 au doute de l\u2019existence de Dieu, on en revient au Gaon de Vilna pour qui l\u2019homme ne sait rien de Dieu, pas m\u00eame s\u2019il existe. De ce fait, il y aurait m\u00eame \u00ab\u00a0incompatibilit\u00e9 \u00e0 \u00eatre \u00e0 la fois rabbin et philosophe\u00a0\u00bb, personnage dangereux parce que libre de penser et \u00ab\u00a0d\u2019\u00e9noncer sa libert\u00e9 [\u2026] jusqu\u2019\u00e0 nier l\u2019existence de Dieu\u00a0\u00bb. (M.-A. Ouaknin). On peut m\u00eame remettre en question les attributs de Dieu : omnipotent, omniscient, infiniment bon, et arriver \u00e0 la conclusion que \u00ab\u00a0bien que Dieu soit omniscient, il ne sait pas bien ce que l\u2019homme va s\u2019appr\u00eater \u00e0 faire\u2009\u00a0\u00bb au nom de sa libert\u00e9. Ainsi ne savait-il pas \u00ab\u00a0ce qu\u2019Adam et Eve allaient faire du fruit d\u00e9fendu.\u00a0\u00bb (C. Riveline)<br \/>\nFinalement, \u00ab\u00a0la seule mani\u00e8re de le conna\u00eetre, selon l\u2019enseignement de la tradition juive, c\u2019est de se soumettre \u00e0 sa loi, et de reconna\u00eetre par l\u00e0 que les hommes ne peuvent se mettre \u00e0 la place de Dieu.\u00a0\u00bb (J. Elkouby). Pour cela, \u00ab\u00a0un homme doit consacrer \u00e0 l\u2019\u00e9tude de la Torah tout son temps disponible\u00a0\u00bb (R.S. Sirat), tout en n\u2019oubliant pas que \u00ab\u00a0dans le r\u00e9cit biblique, il n\u2019est jamais fait instruction de croire en Dieu [\u2026] l\u2019essentiel est ce qu\u2019il faut faire et accomplir\u00a0\u00bb. Et si \u00ab\u00a0je ne crois pas en Dieu, j\u2019attends qu\u2019il me vienne, non pas \u00e0 la pens\u00e9e, mais au corps et \u00e0 l\u2019\u00e2me.\u00a0\u00bb (E. L\u00e9vinas, cit\u00e9 par C. Vig\u00e9e)<br \/>\nVictor Malka est journaliste, \u00e9crivain et producteur \u00e0 France Culture.<\/p>\n<p style=\"text-align: justify;\">Plus d&rsquo;informations sur la <a href=\"https:\/\/www.editionsducerf.fr\/librairie\/livre\/3814\/le-dieu-auquel-je-crois\" target=\"_blank\" rel=\"noopener noreferrer\">page de l&rsquo;\u00e9diteur<\/a><\/p>\n","protected":false},"excerpt":{"rendered":"<p>Victor Malka Editions du Cerf &#8211; Juin 2012. (Histoires &#8211; Juda\u00efsmes &#8211; Toledot) ISBN\u00a0: 9782204097468 Analyse SIDIC : Quel est donc le Dieu auquel vous croyez ? Pos\u00e9e par Victor Malka \u00e0 des philosophes, des rabbins, des scientifiques, des hommes, deux femmes et un po\u00e8te, cette question en am\u00e8ne une autre : chacun aurait-il un &hellip; <a href=\"https:\/\/www.cirdic.fr\/index.php\/2012\/12\/01\/le-dieu-auquel-je-crois-entretiens\/\" class=\"more-link\">Continuer la lecture<span class=\"screen-reader-text\"> de &laquo;&nbsp;Le Dieu auquel je crois. Entretiens&nbsp;&raquo;<\/span><\/a><\/p>\n","protected":false},"author":2,"featured_media":0,"comment_status":"closed","ping_status":"closed","sticky":false,"template":"","format":"standard","meta":{"_jetpack_memberships_contains_paid_content":false,"footnotes":""},"categories":[3],"tags":[],"class_list":["post-1914","post","type-post","status-publish","format-standard","hentry","category-livre"],"jetpack_featured_media_url":"","jetpack_sharing_enabled":true,"_links":{"self":[{"href":"https:\/\/www.cirdic.fr\/index.php\/wp-json\/wp\/v2\/posts\/1914","targetHints":{"allow":["GET"]}}],"collection":[{"href":"https:\/\/www.cirdic.fr\/index.php\/wp-json\/wp\/v2\/posts"}],"about":[{"href":"https:\/\/www.cirdic.fr\/index.php\/wp-json\/wp\/v2\/types\/post"}],"author":[{"embeddable":true,"href":"https:\/\/www.cirdic.fr\/index.php\/wp-json\/wp\/v2\/users\/2"}],"replies":[{"embeddable":true,"href":"https:\/\/www.cirdic.fr\/index.php\/wp-json\/wp\/v2\/comments?post=1914"}],"version-history":[{"count":0,"href":"https:\/\/www.cirdic.fr\/index.php\/wp-json\/wp\/v2\/posts\/1914\/revisions"}],"wp:attachment":[{"href":"https:\/\/www.cirdic.fr\/index.php\/wp-json\/wp\/v2\/media?parent=1914"}],"wp:term":[{"taxonomy":"category","embeddable":true,"href":"https:\/\/www.cirdic.fr\/index.php\/wp-json\/wp\/v2\/categories?post=1914"},{"taxonomy":"post_tag","embeddable":true,"href":"https:\/\/www.cirdic.fr\/index.php\/wp-json\/wp\/v2\/tags?post=1914"}],"curies":[{"name":"wp","href":"https:\/\/api.w.org\/{rel}","templated":true}]}}