{"id":1632,"date":"2017-03-20T10:06:41","date_gmt":"2017-03-20T09:06:41","guid":{"rendered":"http:\/\/www.cirdic.fr\/?p=1632"},"modified":"2017-03-20T10:06:41","modified_gmt":"2017-03-20T09:06:41","slug":"golem-avatars-dune-legende-dargile","status":"publish","type":"post","link":"https:\/\/www.cirdic.fr\/index.php\/2017\/03\/20\/golem-avatars-dune-legende-dargile\/","title":{"rendered":"Golem ! Avatars d\u2019une l\u00e9gende d\u2019argile"},"content":{"rendered":"<p style=\"text-align: justify;\">Exposition au MAJH du mercredi <strong>8 <a href=\"https:\/\/www.cirdic.fr\/wp-content\/uploads\/2017\/03\/affiche-exposition-golem-mahj2017.jpg\"><img loading=\"lazy\" decoding=\"async\" class=\"alignleft size-medium wp-image-1633\" src=\"https:\/\/www.cirdic.fr\/wp-content\/uploads\/2017\/03\/affiche-exposition-golem-mahj2017-200x300.jpg\" alt=\"Exposition Golem. MAHJ, 2017\" width=\"200\" height=\"300\" srcset=\"https:\/\/www.cirdic.fr\/wp-content\/uploads\/2017\/03\/affiche-exposition-golem-mahj2017-200x300.jpg 200w, https:\/\/www.cirdic.fr\/wp-content\/uploads\/2017\/03\/affiche-exposition-golem-mahj2017.jpg 330w\" sizes=\"auto, (max-width: 200px) 85vw, 200px\" \/><\/a>mars 2017<\/strong> jusqu&rsquo;au dimanche <strong>16 juillet 2017.<\/strong><\/p>\n<p style=\"text-align: justify;\">Cette exposition explore le riche devenir de la figure du Golem dans les arts visuels, \u00e0 travers un parcours m\u00ealant peinture, dessin, photographie, th\u00e9\u00e2tre, cin\u00e9ma, litt\u00e9rature, bande dessin\u00e9e et jeu vid\u00e9o.<\/p>\n<p style=\"text-align: justify;\"><a href=\"https:\/\/www.mahj.org\/fr\/programme\/golem-avatars-d-une-legende-d-argile-47805\" target=\"_blank\" rel=\"noopener\">Lire la suite sur le site du mus\u00e9e<\/a><\/p>\n<p>&nbsp;<\/p>\n","protected":false},"excerpt":{"rendered":"<p>Exposition au MAJH du mercredi 8 mars 2017 jusqu&rsquo;au dimanche 16 juillet 2017. Cette exposition explore le riche devenir de la figure du Golem dans les arts visuels, \u00e0 travers un parcours m\u00ealant peinture, dessin, photographie, th\u00e9\u00e2tre, cin\u00e9ma, litt\u00e9rature, bande dessin\u00e9e et jeu vid\u00e9o. Lire la suite sur le site du mus\u00e9e &nbsp;<\/p>\n","protected":false},"author":2,"featured_media":0,"comment_status":"closed","ping_status":"closed","sticky":false,"template":"","format":"standard","meta":{"_jetpack_memberships_contains_paid_content":false,"footnotes":""},"categories":[20],"tags":[],"class_list":["post-1632","post","type-post","status-publish","format-standard","hentry","category-expositions"],"jetpack_featured_media_url":"","jetpack_sharing_enabled":true,"_links":{"self":[{"href":"https:\/\/www.cirdic.fr\/index.php\/wp-json\/wp\/v2\/posts\/1632","targetHints":{"allow":["GET"]}}],"collection":[{"href":"https:\/\/www.cirdic.fr\/index.php\/wp-json\/wp\/v2\/posts"}],"about":[{"href":"https:\/\/www.cirdic.fr\/index.php\/wp-json\/wp\/v2\/types\/post"}],"author":[{"embeddable":true,"href":"https:\/\/www.cirdic.fr\/index.php\/wp-json\/wp\/v2\/users\/2"}],"replies":[{"embeddable":true,"href":"https:\/\/www.cirdic.fr\/index.php\/wp-json\/wp\/v2\/comments?post=1632"}],"version-history":[{"count":0,"href":"https:\/\/www.cirdic.fr\/index.php\/wp-json\/wp\/v2\/posts\/1632\/revisions"}],"wp:attachment":[{"href":"https:\/\/www.cirdic.fr\/index.php\/wp-json\/wp\/v2\/media?parent=1632"}],"wp:term":[{"taxonomy":"category","embeddable":true,"href":"https:\/\/www.cirdic.fr\/index.php\/wp-json\/wp\/v2\/categories?post=1632"},{"taxonomy":"post_tag","embeddable":true,"href":"https:\/\/www.cirdic.fr\/index.php\/wp-json\/wp\/v2\/tags?post=1632"}],"curies":[{"name":"wp","href":"https:\/\/api.w.org\/{rel}","templated":true}]}}