{"id":1550,"date":"2016-02-25T18:53:13","date_gmt":"2016-02-25T17:53:13","guid":{"rendered":"http:\/\/www.cirdic.fr\/?p=1550"},"modified":"2016-02-25T18:53:13","modified_gmt":"2016-02-25T17:53:13","slug":"juifs-et-chretiens-face-a-la-shoah","status":"publish","type":"post","link":"https:\/\/www.cirdic.fr\/index.php\/2016\/02\/25\/juifs-et-chretiens-face-a-la-shoah\/","title":{"rendered":"Juifs et chr\u00e9tiens face \u00e0 la shoah"},"content":{"rendered":"<p style=\"text-align: justify;\"><em><a href=\"https:\/\/www.cirdic.fr\/wp-content\/uploads\/2017\/03\/jerome-beau-ed-juifs-et-chretiens-face-a-la-s-9782889187164.jpg\"><img loading=\"lazy\" decoding=\"async\" class=\"wp-image-1551 size-medium alignleft\" src=\"https:\/\/www.cirdic.fr\/wp-content\/uploads\/2017\/03\/jerome-beau-ed-juifs-et-chretiens-face-a-la-s-9782889187164-195x300.jpg\" alt=\"Juifs et Chr\u00e9tiens face \u00e0 la Shoah. Parole et Silence, 2016\" width=\"195\" height=\"300\" srcset=\"https:\/\/www.cirdic.fr\/wp-content\/uploads\/2017\/03\/jerome-beau-ed-juifs-et-chretiens-face-a-la-s-9782889187164-195x300.jpg 195w, https:\/\/www.cirdic.fr\/wp-content\/uploads\/2017\/03\/jerome-beau-ed-juifs-et-chretiens-face-a-la-s-9782889187164.jpg 225w\" sizes=\"auto, (max-width: 195px) 85vw, 195px\" \/><\/a>J\u00e9r\u00f4me Beau, Bruno Charmet, Yves Chevalier<\/em><br \/>\n<strong>Parole &amp; Silence &#8211; 2016. 2889187160<\/strong><\/p>\n<p style=\"text-align: justify;\">Le quatri\u00e8me volume de la collection<em> \u00abJuifs et chr\u00e9tiens en dialogue\u00bb<\/em> regroupe un ensemble d\u2019articles publi\u00e9s au fil des ann\u00e9es dans la revue de l\u2019Amiti\u00e9 Jud\u00e9o-Chr\u00e9tienne de France autour de la question:<br \/>\n\u00ab\u00a0Quel &lsquo;sens&rsquo; peut-on donner \u00e0 la Shoah\u00a0\u00bb ?<\/p>\n<p style=\"text-align: justify;\">Il s\u2019agit l\u00e0 d\u2019un th\u00e8me longuement \u00e9tudi\u00e9 par ailleurs, mais sur lequel des juifs et des chr\u00e9tiens, en dialoguant, ont peut-\u00eatre quelque chose de particulier \u00e0 dire.<\/p>\n<p style=\"text-align: justify;\"><!--more--><\/p>\n<p style=\"text-align: justify;\">Ce qui frappe, dans la mesure o\u00f9 les articles sont pr\u00e9sent\u00e9s \u00e0 peu pr\u00e8s chronologiquement, c\u2019est l\u2019approfondissement de la r\u00e9flexion au long du temps. Les premi\u00e8res r\u00e9flexions, publi\u00e9es au cours de la premi\u00e8re ann\u00e9e d\u2019existence de la revue, en 1975, sont issues d\u2019un Colloque organis\u00e9 \u00e0 Hambourg par l\u2019International Council of Christians and Jews, (organisation internationale de l\u2019Amiti\u00e9 Jud\u00e9o-Chr\u00e9tienne. Il s\u2019agit encore de \u00abbalbutiements\u00bb, d\u2019une parole qui se cherche et a quelque mal \u00e0 trouver le ton juste. Les derniers articles, volontairement regroup\u00e9s dans une partie \u00e0 part, ceux du P\u00e8re Michel de Goedt, proposent une r\u00e9flexion extraordinairement d\u00e9pouill\u00e9e qui ne cherche pas \u00e0 \u00abexpliquer\u00bb la Shoah, mais \u00e0 dire, en th\u00e9ologien, \u00abce qui y fait nuit, et la plus \u00e9paisse des nuits\u00bb.<\/p>\n<p style=\"text-align: justify;\"><strong>Contributeurs :<\/strong> Grand Rabbin Gilles BERNHEIM, Pasteur Alain BLANCY, P\u00e8re Pierre DABOSVILLE, Cardinal Albert DECOURTRAY, Mgr G\u00e9rard DEFOIS, P\u00e8re Jean DUJARDIN, P\u00e8re Bernard DUPUY, Hermann EBELING, P\u00e8re Michel de GOEDT, Claire HUCHET-BISHOP, Grand Rabbin Ren\u00e9 Samuel SIRAT, Pasteur Jacques STEWART, Rabbin Marc TANENBAUM, Pasteur Florence TAUBMANN.<\/p>\n","protected":false},"excerpt":{"rendered":"<p>J\u00e9r\u00f4me Beau, Bruno Charmet, Yves Chevalier Parole &amp; Silence &#8211; 2016. 2889187160 Le quatri\u00e8me volume de la collection \u00abJuifs et chr\u00e9tiens en dialogue\u00bb regroupe un ensemble d\u2019articles publi\u00e9s au fil des ann\u00e9es dans la revue de l\u2019Amiti\u00e9 Jud\u00e9o-Chr\u00e9tienne de France autour de la question: \u00ab\u00a0Quel &lsquo;sens&rsquo; peut-on donner \u00e0 la Shoah\u00a0\u00bb ? Il s\u2019agit l\u00e0 &hellip; <a href=\"https:\/\/www.cirdic.fr\/index.php\/2016\/02\/25\/juifs-et-chretiens-face-a-la-shoah\/\" class=\"more-link\">Continuer la lecture<span class=\"screen-reader-text\"> de &laquo;&nbsp;Juifs et chr\u00e9tiens face \u00e0 la shoah&nbsp;&raquo;<\/span><\/a><\/p>\n","protected":false},"author":2,"featured_media":0,"comment_status":"closed","ping_status":"closed","sticky":false,"template":"","format":"standard","meta":{"_jetpack_memberships_contains_paid_content":false,"footnotes":""},"categories":[3],"tags":[],"class_list":["post-1550","post","type-post","status-publish","format-standard","hentry","category-livre"],"jetpack_featured_media_url":"","jetpack_sharing_enabled":true,"_links":{"self":[{"href":"https:\/\/www.cirdic.fr\/index.php\/wp-json\/wp\/v2\/posts\/1550","targetHints":{"allow":["GET"]}}],"collection":[{"href":"https:\/\/www.cirdic.fr\/index.php\/wp-json\/wp\/v2\/posts"}],"about":[{"href":"https:\/\/www.cirdic.fr\/index.php\/wp-json\/wp\/v2\/types\/post"}],"author":[{"embeddable":true,"href":"https:\/\/www.cirdic.fr\/index.php\/wp-json\/wp\/v2\/users\/2"}],"replies":[{"embeddable":true,"href":"https:\/\/www.cirdic.fr\/index.php\/wp-json\/wp\/v2\/comments?post=1550"}],"version-history":[{"count":0,"href":"https:\/\/www.cirdic.fr\/index.php\/wp-json\/wp\/v2\/posts\/1550\/revisions"}],"wp:attachment":[{"href":"https:\/\/www.cirdic.fr\/index.php\/wp-json\/wp\/v2\/media?parent=1550"}],"wp:term":[{"taxonomy":"category","embeddable":true,"href":"https:\/\/www.cirdic.fr\/index.php\/wp-json\/wp\/v2\/categories?post=1550"},{"taxonomy":"post_tag","embeddable":true,"href":"https:\/\/www.cirdic.fr\/index.php\/wp-json\/wp\/v2\/tags?post=1550"}],"curies":[{"name":"wp","href":"https:\/\/api.w.org\/{rel}","templated":true}]}}