{"id":1174,"date":"2017-02-20T18:20:24","date_gmt":"2017-02-20T17:20:24","guid":{"rendered":"http:\/\/www.cirdic.fr\/?page_id=493"},"modified":"2017-02-20T18:20:24","modified_gmt":"2017-02-20T17:20:24","slug":"le-sidic-devient-le-cirdic-2","status":"publish","type":"post","link":"https:\/\/www.cirdic.fr\/index.php\/2017\/02\/20\/le-sidic-devient-le-cirdic-2\/","title":{"rendered":"Le SIDIC devient le CIRDIC !"},"content":{"rendered":"<p style=\"text-align: justify;\"><img loading=\"lazy\" decoding=\"async\" class=\"wp-image-456 alignleft\" src=\"https:\/\/www.cirdic.fr\/wp-content\/uploads\/2016\/11\/cropped-15055595_1259170754134525_3401776817387256422_n-1-150x150.jpg\" alt=\"CIRDIC. Logo\" width=\"170\" height=\"170\" \/>Apr\u00e8s approbation en Assembl\u00e9e G\u00e9n\u00e9rale Extraordinaire de la transformation du SIDIC \u00a0en CIRDIC afin d&rsquo;engager, dans la continuit\u00e9 des missions du SIDIC, de nouvelles actions d&rsquo;approfondissement des relations entre le peuple juif et l&rsquo;\u00e9glise catholique, une nouvelle \u00e9quipe se met en place.<\/p>\n<p style=\"text-align: justify;\">En transformant le SIDIC en Centre d&rsquo;Initiatives pour les Relations et le Dialogue entre Juifs et Chr\u00e9tiens, la nouvelle \u00e9quipe se fixe pour mission de :<\/p>\n<p style=\"text-align: justify;\"><strong>\u00ab\u00a0Soutenir par tous les moyens l&rsquo;\u00e9tude, la recherche et l&rsquo;enseignement des racines juives du Christianisme afin de stimuler, dans l&rsquo;Eglise, la connaissance et l&rsquo;estime mutuelles du peuple juif dans sa diversit\u00e9, jusque sur la terre d&rsquo;Isra\u00ebl\u00a0\u00bb.<\/strong><!--more--><\/p>\n<p style=\"text-align: justify;\">Pour r\u00e9aliser ces nouvelles actions, le CIRDIC ne pourra s&rsquo;appuyer que sur votre soutien et vos cotisations. Ses seules ressources viendront des membres cotisants.<\/p>\n<p style=\"text-align: justify;\">Merci de nous encourager, de nous soutenir, de nous aider \u00e0 d\u00e9velopper ces nouvelles missions qui permettront, dans le monde d&rsquo;aujourd&rsquo;hui, de continuer \u00e0 faire vivre tout ce que le SIDIC a cr\u00e9\u00e9, sem\u00e9 et apport\u00e9 pour l&rsquo;approfondissement des relations entre juifs et chr\u00e9tiens.<\/p>\n","protected":false},"excerpt":{"rendered":"<p>Apr\u00e8s approbation en Assembl\u00e9e G\u00e9n\u00e9rale Extraordinaire de la transformation du SIDIC \u00a0en CIRDIC afin d&rsquo;engager, dans la continuit\u00e9 des missions du SIDIC, de nouvelles actions d&rsquo;approfondissement des relations entre le peuple juif et l&rsquo;\u00e9glise catholique, une nouvelle \u00e9quipe se met en place. En transformant le SIDIC en Centre d&rsquo;Initiatives pour les Relations et le Dialogue &hellip; <a href=\"https:\/\/www.cirdic.fr\/index.php\/2017\/02\/20\/le-sidic-devient-le-cirdic-2\/\" class=\"more-link\">Continuer la lecture<span class=\"screen-reader-text\"> de &laquo;&nbsp;Le SIDIC devient le CIRDIC !&nbsp;&raquo;<\/span><\/a><\/p>\n","protected":false},"author":1,"featured_media":0,"comment_status":"closed","ping_status":"closed","sticky":false,"template":"","format":"standard","meta":{"_jetpack_memberships_contains_paid_content":false,"footnotes":""},"categories":[8],"tags":[6],"class_list":["post-1174","post","type-post","status-publish","format-standard","hentry","category-vie-du-cirdic","tag-article-de-presse"],"jetpack_featured_media_url":"","jetpack_sharing_enabled":true,"_links":{"self":[{"href":"https:\/\/www.cirdic.fr\/index.php\/wp-json\/wp\/v2\/posts\/1174","targetHints":{"allow":["GET"]}}],"collection":[{"href":"https:\/\/www.cirdic.fr\/index.php\/wp-json\/wp\/v2\/posts"}],"about":[{"href":"https:\/\/www.cirdic.fr\/index.php\/wp-json\/wp\/v2\/types\/post"}],"author":[{"embeddable":true,"href":"https:\/\/www.cirdic.fr\/index.php\/wp-json\/wp\/v2\/users\/1"}],"replies":[{"embeddable":true,"href":"https:\/\/www.cirdic.fr\/index.php\/wp-json\/wp\/v2\/comments?post=1174"}],"version-history":[{"count":0,"href":"https:\/\/www.cirdic.fr\/index.php\/wp-json\/wp\/v2\/posts\/1174\/revisions"}],"wp:attachment":[{"href":"https:\/\/www.cirdic.fr\/index.php\/wp-json\/wp\/v2\/media?parent=1174"}],"wp:term":[{"taxonomy":"category","embeddable":true,"href":"https:\/\/www.cirdic.fr\/index.php\/wp-json\/wp\/v2\/categories?post=1174"},{"taxonomy":"post_tag","embeddable":true,"href":"https:\/\/www.cirdic.fr\/index.php\/wp-json\/wp\/v2\/tags?post=1174"}],"curies":[{"name":"wp","href":"https:\/\/api.w.org\/{rel}","templated":true}]}}