{"id":1165,"date":"2016-10-01T19:20:42","date_gmt":"2016-10-01T17:20:42","guid":{"rendered":"http:\/\/www.cirdic.fr\/?page_id=293"},"modified":"2016-10-01T19:20:42","modified_gmt":"2016-10-01T17:20:42","slug":"pourquoi-le-cirdic","status":"publish","type":"post","link":"https:\/\/www.cirdic.fr\/index.php\/2016\/10\/01\/pourquoi-le-cirdic\/","title":{"rendered":"Pourquoi est-il important de conna\u00eetre le juda\u00efsme ?"},"content":{"rendered":"<h3 style=\"text-align: justify;\">Article de la revue Paris.catholique.fr<\/h3>\n<div class=\"block-important full\" style=\"text-align: justify;\">\n<div class=\"content\">\n<p>Conna\u00eetre le juda\u00efsme, pour mieux conna\u00eetre J\u00e9sus. Au-del\u00e0 d\u2019un strict int\u00e9r\u00eat intellectuel, une meilleure compr\u00e9hension du juda\u00efsme constitue une richesse spirituelle in\u00e9puisable pour le catholique qui souhaite approfondir sa foi dans le Christ. Rencontre avec <strong>S\u0153ur Dominique de La Maisonneuve<\/strong> du S.I.D.I.C., et le <strong>P. Patrick Faure :<\/strong><\/p>\n<\/div>\n<\/div>\n<p style=\"text-align: justify;\"><!--more--><\/p>\n<div class=\"content\">\n<p style=\"text-align: justify;\"><strong>Qu\u2019apporte spirituel\u00adlement \u00e0 un catholique d\u2019au\u00adjourd\u2019hui une connaissance profonde du juda\u00efsme\u00a0?<\/strong><\/p>\n<p style=\"text-align: justify;\">P.\u2008Patrick Faure \u2013\u00a0Il s\u2019agit de trouver l\u2019\u00eatre juif de J\u00e9sus. Se rapprocher du juda\u00efsme, c\u2019est conna\u00eetre la religion de J\u00e9sus. C\u2019est d\u00e9couvrir sa famille apr\u00e8s l\u2019avoir rencontr\u00e9 lui. C\u2019est donc mieux le conna\u00eetre.<\/p>\n<p style=\"text-align: justify;\">S\u0153ur Dominique de La Maison\u00adneuve\u00a0\u2013 Conna\u00eetre le juda\u00efsme est une question de v\u00e9rit\u00e9 vis-\u00e0-vis de mon christianisme. Dans le premier Testament [Ancien Testament], Dieu a d\u2019abord con\u00adfi\u00e9 le projet de salut de l\u2019humanit\u00e9 au peuple juif. Cette charge s\u2019accompa\u00adgne d\u2019une exigence\u00a0: demeurer fid\u00e8le \u00e0 sa parole, \u00e0 la Tora. C\u2019est cette exigence incarn\u00e9e par le peuple juif, pour l\u2019an\u00adnon\u00adcer \u00e0 toutes les nations, qui explique l\u2019hostilit\u00e9 de celles-ci \u00e0 son \u00e9gard depuis toujours. Dans la continuit\u00e9 de ce projet de salut, c\u2019est dans le peuple juif que J\u00e9sus na\u00eetra. Si Dieu a un projet pour l\u2019humanit\u00e9, je ne peux pas ne pas le conna\u00eetre dans son ensemble pour y adh\u00e9rer pleinement.<\/p>\n<p style=\"text-align: justify;\"><a href=\"http:\/\/www.paris.catholique.fr\/pourquoi-est-il-important-de.html\">Lire la suite de l&rsquo;article sur Paris.catholique.fr<\/a><\/p>\n<\/div>\n","protected":false},"excerpt":{"rendered":"<p>Article de la revue Paris.catholique.fr Conna\u00eetre le juda\u00efsme, pour mieux conna\u00eetre J\u00e9sus. Au-del\u00e0 d\u2019un strict int\u00e9r\u00eat intellectuel, une meilleure compr\u00e9hension du juda\u00efsme constitue une richesse spirituelle in\u00e9puisable pour le catholique qui souhaite approfondir sa foi dans le Christ. Rencontre avec S\u0153ur Dominique de La Maisonneuve du S.I.D.I.C., et le P. Patrick Faure :<\/p>\n","protected":false},"author":1,"featured_media":0,"comment_status":"closed","ping_status":"closed","sticky":false,"template":"","format":"standard","meta":{"_jetpack_memberships_contains_paid_content":false,"footnotes":""},"categories":[7],"tags":[6],"class_list":["post-1165","post","type-post","status-publish","format-standard","hentry","category-egliseetjudaisme","tag-article-de-presse"],"jetpack_featured_media_url":"","jetpack_sharing_enabled":true,"_links":{"self":[{"href":"https:\/\/www.cirdic.fr\/index.php\/wp-json\/wp\/v2\/posts\/1165","targetHints":{"allow":["GET"]}}],"collection":[{"href":"https:\/\/www.cirdic.fr\/index.php\/wp-json\/wp\/v2\/posts"}],"about":[{"href":"https:\/\/www.cirdic.fr\/index.php\/wp-json\/wp\/v2\/types\/post"}],"author":[{"embeddable":true,"href":"https:\/\/www.cirdic.fr\/index.php\/wp-json\/wp\/v2\/users\/1"}],"replies":[{"embeddable":true,"href":"https:\/\/www.cirdic.fr\/index.php\/wp-json\/wp\/v2\/comments?post=1165"}],"version-history":[{"count":0,"href":"https:\/\/www.cirdic.fr\/index.php\/wp-json\/wp\/v2\/posts\/1165\/revisions"}],"wp:attachment":[{"href":"https:\/\/www.cirdic.fr\/index.php\/wp-json\/wp\/v2\/media?parent=1165"}],"wp:term":[{"taxonomy":"category","embeddable":true,"href":"https:\/\/www.cirdic.fr\/index.php\/wp-json\/wp\/v2\/categories?post=1165"},{"taxonomy":"post_tag","embeddable":true,"href":"https:\/\/www.cirdic.fr\/index.php\/wp-json\/wp\/v2\/tags?post=1165"}],"curies":[{"name":"wp","href":"https:\/\/api.w.org\/{rel}","templated":true}]}}