{"id":1164,"date":"2016-10-01T17:30:49","date_gmt":"2016-10-01T15:30:49","guid":{"rendered":"http:\/\/www.cirdic.fr\/?page_id=251"},"modified":"2016-10-01T17:30:49","modified_gmt":"2016-10-01T15:30:49","slug":"trois-questions-a-soeur-dominique-de-la-maisonneuve-et-soeur-louise-marie-niesz","status":"publish","type":"post","link":"https:\/\/www.cirdic.fr\/index.php\/2016\/10\/01\/trois-questions-a-soeur-dominique-de-la-maisonneuve-et-soeur-louise-marie-niesz\/","title":{"rendered":"Les soeurs de Notre-Dame de Sion  et Nostra Aetate"},"content":{"rendered":"<p style=\"text-align: justify;\"><a href=\"https:\/\/www.cirdic.fr\/wp-content\/uploads\/2016\/11\/arton1170-d96f2_0.jpg\"><img loading=\"lazy\" decoding=\"async\" class=\"alignleft wp-image-282 size-full\" src=\"https:\/\/www.cirdic.fr\/wp-content\/uploads\/2016\/11\/arton1170-d96f2_0.jpg\" alt=\"AJCF. Remise du prix aux soeurs de Notre-Dame de Sion. 2012\" width=\"200\" height=\"152\" \/><\/a>Les S\u0153urs de Notre-Dame de Sion Dominique de La Maisonnneuve et Louise Marie Niesz ont re\u00e7u le\u00a0<strong>prix de l\u2019Amiti\u00e9 Jud\u00e9o-Chr\u00e9tienne de France<\/strong>\u00a0le l<strong>undi 15 octobre 2012 \u00e0 18h30\u00a0<\/strong>au Coll\u00e8ge des Bernardins \u00e0 Paris.\u00a0<a href=\"http:\/\/www.ajcf.fr\/-prix-ajcf-2012-soeur-dominique-de-la-maisonneuve-nds-et-soeur-louise-.html\">Dossier complet Prix AJCF 2012.<\/a><\/p>\n<p style=\"text-align: justify;\">A cette occasion St\u00e9phanie Dassa, membre du Comit\u00e9 Directeur de l\u2019AJCF, leur a pos\u00e9 trois questions :<\/p>\n<p><strong>Pourquoi est-ce vers les S\u0153urs de Notre Dame de Sion que les \u00e9v\u00eaques qui ont contribu\u00e9 \u00e0 l\u2019\u00e9laboration de <em>Nostra Aetate<\/em> se sont tourn\u00e9s pour mesurer la r\u00e9ception dans les \u00c9glises de ce texte fondamental\u00a0?<br \/>\nPlus largement, quelle a \u00e9t\u00e9 la contribution de votre congr\u00e9gation dans la longue entreprise de r\u00e9conciliation entre l\u2019\u00c9glise catholique et les Juifs\u00a0?<\/strong><\/p>\n<p style=\"text-align: justify;\"><!--more-->Si, \u00e0 la fin du Concile, quelques \u00e9v\u00eaques se sont adress\u00e9s \u00e0 notre Congr\u00e9gation pour suivre la \u00ab\u00a0r\u00e9ception\u00a0\u00bb de la D\u00e9claration <em>Nostra Aetate<\/em> c\u2019est vraisemblablement parce qu\u2019ils connaissaient l\u2019orientation des S\u0153urs de Notre Dame de Sion. Il faut noter ici les paroles que le Cardinal Augustin B\u00e9a adressa aux s\u0153urs engag\u00e9es dans les relations jud\u00e9o-chr\u00e9tiennes, qui se trouvaient en session \u00e0 Rome en novembre 1965\u00a0:<\/p>\n<blockquote>\n<p style=\"text-align: justify;\">La D\u00e9claration, solennellement approuv\u00e9e par le Saint-P\u00e8re, vot\u00e9e par la majorit\u00e9 \u00e9norme du Concile, est un programme pour tous, mais surtout pour vous, s\u0153urs de Notre Dame de Sion.<br \/>\nJusqu\u2019ici votre t\u00e2che \u00e9tait fond\u00e9e surtout sur vos Constitutions et sur vos R\u00e8gles, maintenant cette m\u00eame t\u00e2che vous est propos\u00e9e par l\u2019\u00c9glise elle-m\u00eame. La D\u00e9claration est donc un vrai programme pour votre travail.<\/p>\n<\/blockquote>\n<p style=\"text-align: justify;\">\u00c0 cette premi\u00e8re raison, l\u2019on peut ajouter\u00a0: la collaboration assum\u00e9e par certaines s\u0153urs, en lien avec le Conseil G\u00e9n\u00e9ral de la Congr\u00e9gation, \u00e0 l\u2019\u00e9laboration de sch\u00e9mas th\u00e9ologiques pour la commission de travail devant aboutir au texte de la D\u00e9claration <em>Nostra Aetate<\/em>. \u00c9galement, les nombreux contacts pris avec un certain nombre d\u2019\u00e9v\u00eaques et d\u2019experts pendant les intersessions, afin de les sensibiliser \u00e0 l\u2019importance de la relation de l\u2019\u00c9glise avec le peuple juif, \u00e0 l\u2019importance de resituer le peuple juif et le juda\u00efsme \u00e0 la racine de la foi chr\u00e9tienne.<\/p>\n<p style=\"text-align: justify;\">Aujourd\u2019hui ces orientations sont clairement exprim\u00e9es dans les Constitutions de la Congr\u00e9gation (approuv\u00e9es et \u00e9dit\u00e9es en 1984)\u00a0: \u00ab\u00a0<i>Nous sommes appel\u00e9es \u00e0 t\u00e9moigner par notre vie de la fid\u00e9lit\u00e9 de Dieu \u00e0 son amour pour le peuple juif et aux promesses qu\u2019il a r\u00e9v\u00e9l\u00e9es aux patriarches et aux proph\u00e8tes d\u2019Isra\u00ebl pour toute l\u2019humanit\u00e9.<\/i>\u00a0\u00bb<\/p>\n<p style=\"text-align: justify;\">Apr\u00e8s le Concile, il fallait mettre en \u0153uvre, dans l\u2019\u00c9glise, les directives de la D\u00e9claration. Diff\u00e9rents Centres furent cr\u00e9\u00e9s en plusieurs pays pour la formation des chr\u00e9tiens\u00a0: connaissance du juda\u00efsme, relecture de la Bible en tenant compte de la Tradition orale du juda\u00efsme, enseignement de l\u2019h\u00e9breu et nombreux contacts avec des membres de la communaut\u00e9 juive.<\/p>\n<p><strong>S\u0153ur Dominique de La Maisonneuve, vous avez d\u00e9clar\u00e9 au quotidien La Croix\u00a0: \u00ab\u00a0Ce qui se passe sur la terre d\u2019Isra\u00ebl aujourd\u2019hui est le signe de l\u2019incapacit\u00e9 dans laquelle sont les hommes de vivre avec leurs fr\u00e8res. Isra\u00ebl demeure le miroir dans lequel l\u2019humanit\u00e9 peut regarder le visage qu\u2019elle a, l\u2019image de son comportement avec les hommes et avec Dieu.\u00a0\u00bb (La Croix.com 23\/07\/2010). Le reflet du miroir n\u2019est pas \u00e0 l\u2019avantage de l\u2019humanit\u00e9\u2026 Ne pensez-vous pas que cette responsabilit\u00e9 d\u2019Isra\u00ebl d\u2019\u00eatre une image r\u00e9fl\u00e9chie de l\u2019humanit\u00e9 est \u00e9crasante\u00a0?<\/strong><\/p>\n<p style=\"text-align: justify;\">Non pas \u00e9crasante au sens propre o\u00f9 elle priverait Isra\u00ebl de sa libert\u00e9, le r\u00e9duirait \u00e0 un objet sous la main puissante de Dieu. Car Dieu a cr\u00e9\u00e9 l\u2019homme libre et m\u00eame la vocation-\u00e9lection d\u2019Isra\u00ebl n\u2019attente pas \u00e0 cette libert\u00e9.\u00a0Je cite de m\u00e9moire le Cardinal Lustiger\u00a0: chaque juif a \u00e0 choisir d\u2019\u00eatre juif, il a \u00e0 choisir d\u2019\u00eatre choisi, il a \u00e0 choisir d\u2019\u00eatre \u00e9lu. Chaque juif a \u00e0 assumer la vocation du peuple \u2013 comme il assume \u00e0 Kippour les p\u00e9ch\u00e9s de la communaut\u00e9. Assumer est le mouvement contraire de l\u2019\u00e9crasement\u2026<\/p>\n<p style=\"text-align: justify;\">La responsabilit\u00e9 d\u2019Isra\u00ebl n\u2019en est pas moins lourde, infiniment lourde, \u00e0 la mesure de son choix, \u00ab\u00a0le choix de Dieu\u00a0\u00bb. Car l\u2019\u00e9lection n\u2019est pas un privil\u00e8ge \u2013 mais un \u00ab\u00a0plus\u00a0\u00bb de devoirs \u00e0 l\u2019\u00e9gard de l\u2019humanit\u00e9.\u00a0La r\u00e9compense aussi sera \u00e0 la mesure de Dieu\u2026 dans le monde \u00e0 venir\u2026\u00a0Ceci rel\u00e8ve du myst\u00e8re de Dieu\u2026<\/p>\n<p style=\"text-align: justify;\"><strong>S\u0153ur Louise-Marie Niesz, qu\u2019est-ce qui motive ceux et celles qui s\u2019inscrivent aux cours dispens\u00e9s par le SIDIC\u00a0? Que vient-on y chercher\u00a0?<\/strong><\/p>\n<p style=\"text-align: justify;\">C\u2019est vrai que les personnes qui s\u2019adressent au SIDIC sont \u00ab\u00a0en recherche\u00a0\u00bb. En recherche, parfois de leur identit\u00e9 en raison d\u2019une origine juive plus ou moins lointaine, parce que leur conjoint\/e est juif\/ve et qu\u2019ils veulent conna\u00eetre sa culture, sa religion, en recherche d\u2019un renouvellement de la Parole de Dieu lue avec l\u2019\u00e9clairage de la tradition orale du juda\u00efsme, ou encore \u00e0 travers l\u2019apprentissage de l\u2019h\u00e9breu, parfois en recherche d\u2019un nouveau regard sur le peuple juif comme l\u2019a demand\u00e9 le Concile Vatican II, enfin aussi pour d\u00e9couvrir ou red\u00e9couvrir les \u2018racines juives\u2019 de la foi chr\u00e9tienne et prendre en compte l\u2019identit\u00e9 juive de J\u00e9sus.<\/p>\n<p style=\"text-align: justify;\">Propos recueillis par\u00a0<strong>St\u00e9phanie Dassa<\/strong>\u00a0pour le\u00a0<a class=\"spip_out\" href=\"http:\/\/www.crif.org\/fr\/tribune\/s%C5%93ur-dominique-de-la-maisonneuve-et-s%C5%93ur-louise-marie-niesz-laur%C3%A9ates-du-prix-2012-de-l%E2%80%99amiti%C3%A9-jud%C3%A9o-chr%C3%A9tienne-de-france\/32851\" rel=\"external\">site du CRIF<\/a>.<\/p>\n<p style=\"text-align: justify;\">Article d\u00e9taill\u00e9 sur les deux s\u0153urs, leur vie, leur charisme, de Martine de Sauto, publi\u00e9 sur le <a href=\"http:\/\/www.la-croix.com\/Religion\/S-informer\/Actualite\/Religieuses-elles-aeuvrent-depuis-plus-de-quarante-ans-au-dialogue-judeo-chretien-_NG_-2012-10-15-864732\" target=\"_blank\" rel=\"noopener\">site de la Croix<\/a> le 15\/10\/2012.<\/p>\n","protected":false},"excerpt":{"rendered":"<p>Les S\u0153urs de Notre-Dame de Sion Dominique de La Maisonnneuve et Louise Marie Niesz ont re\u00e7u le\u00a0prix de l\u2019Amiti\u00e9 Jud\u00e9o-Chr\u00e9tienne de France\u00a0le lundi 15 octobre 2012 \u00e0 18h30\u00a0au Coll\u00e8ge des Bernardins \u00e0 Paris.\u00a0Dossier complet Prix AJCF 2012. A cette occasion St\u00e9phanie Dassa, membre du Comit\u00e9 Directeur de l\u2019AJCF, leur a pos\u00e9 trois questions : Pourquoi &hellip; <a href=\"https:\/\/www.cirdic.fr\/index.php\/2016\/10\/01\/trois-questions-a-soeur-dominique-de-la-maisonneuve-et-soeur-louise-marie-niesz\/\" class=\"more-link\">Continuer la lecture<span class=\"screen-reader-text\"> de &laquo;&nbsp;Les soeurs de Notre-Dame de Sion  et Nostra Aetate&nbsp;&raquo;<\/span><\/a><\/p>\n","protected":false},"author":1,"featured_media":0,"comment_status":"closed","ping_status":"closed","sticky":false,"template":"","format":"standard","meta":{"_jetpack_memberships_contains_paid_content":false,"footnotes":""},"categories":[7],"tags":[6],"class_list":["post-1164","post","type-post","status-publish","format-standard","hentry","category-egliseetjudaisme","tag-article-de-presse"],"jetpack_featured_media_url":"","jetpack_sharing_enabled":true,"_links":{"self":[{"href":"https:\/\/www.cirdic.fr\/index.php\/wp-json\/wp\/v2\/posts\/1164","targetHints":{"allow":["GET"]}}],"collection":[{"href":"https:\/\/www.cirdic.fr\/index.php\/wp-json\/wp\/v2\/posts"}],"about":[{"href":"https:\/\/www.cirdic.fr\/index.php\/wp-json\/wp\/v2\/types\/post"}],"author":[{"embeddable":true,"href":"https:\/\/www.cirdic.fr\/index.php\/wp-json\/wp\/v2\/users\/1"}],"replies":[{"embeddable":true,"href":"https:\/\/www.cirdic.fr\/index.php\/wp-json\/wp\/v2\/comments?post=1164"}],"version-history":[{"count":0,"href":"https:\/\/www.cirdic.fr\/index.php\/wp-json\/wp\/v2\/posts\/1164\/revisions"}],"wp:attachment":[{"href":"https:\/\/www.cirdic.fr\/index.php\/wp-json\/wp\/v2\/media?parent=1164"}],"wp:term":[{"taxonomy":"category","embeddable":true,"href":"https:\/\/www.cirdic.fr\/index.php\/wp-json\/wp\/v2\/categories?post=1164"},{"taxonomy":"post_tag","embeddable":true,"href":"https:\/\/www.cirdic.fr\/index.php\/wp-json\/wp\/v2\/tags?post=1164"}],"curies":[{"name":"wp","href":"https:\/\/api.w.org\/{rel}","templated":true}]}}